


{"id":4295,"date":"2025-08-18T10:00:37","date_gmt":"2025-08-18T10:00:37","guid":{"rendered":"https:\/\/eglisecma.ci\/nouveau\/?p=4295"},"modified":"2026-02-20T16:15:35","modified_gmt":"2026-02-20T16:15:35","slug":"camp-biblique-national-de-lorganisation-des-personnes-handicapees-oph-de-leglise-cma-a-lebac-toumodi","status":"publish","type":"post","link":"https:\/\/eglisecma.ci\/nouveau\/camp-biblique-national-de-lorganisation-des-personnes-handicapees-oph-de-leglise-cma-a-lebac-toumodi\/","title":{"rendered":"CAMP BIBLIQUE NATIONAL DE L&#8217;ORGANISATION DES PERSONNES HANDICAP\u00c9ES (OPH) DE L\u2019\u00c9GLISE CMA \u00c0 L&#8217;EBAC TOUMODI"},"content":{"rendered":"<p>Le Pr\u00e9sident R\u00e9v. Dr No\u00ebl N\u2019GUESSAN appelle l&#8217;ensemble des <a><\/a>fid\u00e8les \u00e0 suivre l&#8217;exemple du Seigneur J\u00e9sus-Christ<\/p><p>Ouvert le vendredi 15 Ao\u00fbt 2025 \u00e0 l\u2019\u00c9cole Biblique de l\u2019Alliance Chr\u00e9tienne (EBAC) de Toumodi ce rassemblement qui a mobilis\u00e9 environ 300 personnes en situation de handicap s&#8217;est tenu sous le th\u00e8me: &#8220;Afin que les \u0153uvres de Dieu soient manifest\u00e9es en lui&#8221;<\/p><p>Abordant ce th\u00e8me au cours de la c\u00e9r\u00e9monie d&#8217;ouverture, le Pr\u00e9sident No\u00ebl N\u2019GUESSAN a fait appel au texte biblique concernant l&#8217;handicap\u00e9 de caperna\u00fcm (Marc 2 v 1-12).<\/p><p>De l&#8217;attitude de J\u00e9sus-Christ dans cette cette histoire, il tirera plusieurs le\u00e7ons:<\/p><p>\u2022\u2060 \u2060Dieu nous aime avec nos maladies et nos infirmit\u00e9s<\/p><p>\u2022\u2060 \u2060Il faut aimer et porter le prochain dans son handicap<\/p><p>\u2022\u2060 \u2060Il faut apprendre \u00e0 nos enfants \u00e0 agir comme les amis de l&#8217;handicap\u00e9<\/p><p>\u2022\u2060 \u2060Dieu a foi en l&#8217;humanit\u00e9. En effet, il ne faut pas d\u00e9sesp\u00e9rer de l&#8217;humanit\u00e9. Par compassion pour un homme, les amis de l&#8217;handicap\u00e9 ont d\u00e9truit un toit pour faire passer leur ami. J\u00e9sus a \u00e9t\u00e9 touch\u00e9 par cette action.<\/p><p>Le Pr\u00e9sident ajoutera que &#8220;Si les handicap\u00e9s ne trouvent pas leur place \u00e0 l\u2019\u00c9glise, ce n&#8217;est pas dans le monde qu&#8217;ils trouveront de la place, car l&#8217;Eglise est le sel du monde&#8221;<\/p><p>Le Camp de l&#8217;OPH, qui a \u00e9t\u00e9 le lieu d&#8217;intense moment de communion fraternelle, d&#8217;enseignement et d&#8217;adoration \u00e0 Dieu, a pris fin le dimanche 17 Ao\u00fbt 2025.<\/p><p>A Dieu soit la Gloire !<\/p>","protected":false},"excerpt":{"rendered":"<p>Le Pr\u00e9sident R\u00e9v. Dr No\u00ebl N\u2019GUESSAN appelle l&#8217;ensemble des fid\u00e8les \u00e0 suivre l&#8217;exemple du Seigneur J\u00e9sus-Christ Ouvert le vendredi 15 Ao\u00fbt 2025 \u00e0 l\u2019\u00c9cole Biblique de l\u2019Alliance Chr\u00e9tienne (EBAC) de Toumodi ce rassemblement qui a mobilis\u00e9 environ 300 personnes en situation de handicap s&#8217;est tenu sous le th\u00e8me: &#8220;Afin que les \u0153uvres de Dieu soient [&hellip;]<\/p>\n","protected":false},"author":1,"featured_media":4296,"comment_status":"closed","ping_status":"closed","sticky":false,"template":"","format":"standard","meta":{"om_disable_all_campaigns":false,"_monsterinsights_skip_tracking":false,"_monsterinsights_sitenote_active":false,"_monsterinsights_sitenote_note":"","_monsterinsights_sitenote_category":0,"_jetpack_memberships_contains_paid_content":false,"footnotes":""},"categories":[110],"tags":[],"class_list":["post-4295","post","type-post","status-publish","format-standard","has-post-thumbnail","hentry","category-mouvements"],"aioseo_notices":[],"jetpack_sharing_enabled":true,"jetpack_featured_media_url":"https:\/\/eglisecma.ci\/nouveau\/wp-content\/uploads\/2025\/08\/camp-oph.jpg","_links":{"self":[{"href":"https:\/\/eglisecma.ci\/nouveau\/wp-json\/wp\/v2\/posts\/4295","targetHints":{"allow":["GET"]}}],"collection":[{"href":"https:\/\/eglisecma.ci\/nouveau\/wp-json\/wp\/v2\/posts"}],"about":[{"href":"https:\/\/eglisecma.ci\/nouveau\/wp-json\/wp\/v2\/types\/post"}],"author":[{"embeddable":true,"href":"https:\/\/eglisecma.ci\/nouveau\/wp-json\/wp\/v2\/users\/1"}],"replies":[{"embeddable":true,"href":"https:\/\/eglisecma.ci\/nouveau\/wp-json\/wp\/v2\/comments?post=4295"}],"version-history":[{"count":1,"href":"https:\/\/eglisecma.ci\/nouveau\/wp-json\/wp\/v2\/posts\/4295\/revisions"}],"predecessor-version":[{"id":4297,"href":"https:\/\/eglisecma.ci\/nouveau\/wp-json\/wp\/v2\/posts\/4295\/revisions\/4297"}],"wp:featuredmedia":[{"embeddable":true,"href":"https:\/\/eglisecma.ci\/nouveau\/wp-json\/wp\/v2\/media\/4296"}],"wp:attachment":[{"href":"https:\/\/eglisecma.ci\/nouveau\/wp-json\/wp\/v2\/media?parent=4295"}],"wp:term":[{"taxonomy":"category","embeddable":true,"href":"https:\/\/eglisecma.ci\/nouveau\/wp-json\/wp\/v2\/categories?post=4295"},{"taxonomy":"post_tag","embeddable":true,"href":"https:\/\/eglisecma.ci\/nouveau\/wp-json\/wp\/v2\/tags?post=4295"}],"curies":[{"name":"wp","href":"https:\/\/api.w.org\/{rel}","templated":true}]}}