


{"id":4286,"date":"2025-08-01T12:55:12","date_gmt":"2025-08-01T12:55:12","guid":{"rendered":"https:\/\/eglisecma.ci\/nouveau\/?p=4286"},"modified":"2026-02-23T13:13:26","modified_gmt":"2026-02-23T13:13:26","slug":"camp-national-du-reseau-des-hommes-a-yamoussoukro","status":"publish","type":"post","link":"https:\/\/eglisecma.ci\/nouveau\/camp-national-du-reseau-des-hommes-a-yamoussoukro\/","title":{"rendered":"Camp National du R\u00e9seau des hommes \u00e0 Yamoussoukro"},"content":{"rendered":"<p>Le Camp National 2025 du R\u00e9seau des Hommes de l\u2019Eglise CMA de C\u00f4te d\u2019Ivoire (RHECMACI) s\u2019est ouvert ce 31 juillet 2025 au Lyc\u00e9e Scientifique de Yamoussoukro, dans une atmosph\u00e8re de ferveur autour du th\u00e8me : \u00ab Le discipolat, une \u0153uvre de Dieu et un engagement personnel \u00bb.<\/p><p>Apr\u00e8s les moments de louange, de pri\u00e8res et d\u2019offrandes, les allocutions officielles ont \u00e9galement marqu\u00e9 le culte d\u2019ouverture de cette grande rencontre.<\/p><p>Le Pr\u00e9sident du Comit\u00e9 d\u2019Organisation a ouvert le bal, suivi du 7\u1d49 Adjoint au Maire de Yamoussoukro, repr\u00e9sentant le Maire. Le Coordonnateur national, Pr Yao Benjamin, pour sa part, s\u2019est r\u00e9joui d\u2019un record de participation avec plus de 1.000 campeurs, avant de d\u00e9rouler le programme du camp et de saluer la pr\u00e9sence distingu\u00e9e du Pr\u00e9sident de l\u2019\u00c9glise CMA, le R\u00e9v. Dr No\u00ebl N\u2019Guessan, l\u2019orateur principal de cet \u00e9v\u00e9nement.<\/p><p>Au nom du Pr\u00e9sident, le Directeur des Mouvements a f\u00e9licit\u00e9 le RHECMACI pour l\u2019excellente organisation du camp.<\/p><p>Par la suite, Le Pr\u00e9sident No\u00ebl N\u2019Guessan \u00e0 qui il revenait de proc\u00e9der \u00e0 l\u2019ouverture officielle, a appel\u00e9 l&#8217;ex Pr\u00e9sident, le R\u00e9v. Dr C\u00e9lestin Koffi, Coordonnateur de l\u2019UMA Afrique, \u00e0 prononcer l\u2019acte solennel d\u2019ouverture.<\/p><p>Le camp, qui se poursuivra jusqu\u2019au Lundi 04 ao\u00fbt 2025, s\u2019annonce riche en enseignements, \u00e9changes fraternels et croissance spirituelle.<\/p><p>Il faut signaler que le RHECMACI, \u00e9quivalent masculin de l\u2019AFECMACI, affirme ainsi son engagement au service du discipolat authentique.<\/p>","protected":false},"excerpt":{"rendered":"<p>Le Camp National 2025 du R\u00e9seau des Hommes de l\u2019Eglise CMA de C\u00f4te d\u2019Ivoire (RHECMACI) s\u2019est ouvert ce 31 juillet 2025 au Lyc\u00e9e Scientifique de Yamoussoukro, dans une atmosph\u00e8re de ferveur autour du th\u00e8me : \u00ab Le discipolat, une \u0153uvre de Dieu et un engagement personnel \u00bb. Apr\u00e8s les moments de louange, de pri\u00e8res et [&hellip;]<\/p>\n","protected":false},"author":1,"featured_media":4287,"comment_status":"closed","ping_status":"closed","sticky":false,"template":"","format":"standard","meta":{"om_disable_all_campaigns":false,"_monsterinsights_skip_tracking":false,"_monsterinsights_sitenote_active":false,"_monsterinsights_sitenote_note":"","_monsterinsights_sitenote_category":0,"_jetpack_memberships_contains_paid_content":false,"footnotes":""},"categories":[110],"tags":[],"class_list":["post-4286","post","type-post","status-publish","format-standard","has-post-thumbnail","hentry","category-mouvements"],"aioseo_notices":[],"jetpack_sharing_enabled":true,"jetpack_featured_media_url":"https:\/\/eglisecma.ci\/nouveau\/wp-content\/uploads\/2025\/08\/camp-rhecmaci-2025.jpg","_links":{"self":[{"href":"https:\/\/eglisecma.ci\/nouveau\/wp-json\/wp\/v2\/posts\/4286","targetHints":{"allow":["GET"]}}],"collection":[{"href":"https:\/\/eglisecma.ci\/nouveau\/wp-json\/wp\/v2\/posts"}],"about":[{"href":"https:\/\/eglisecma.ci\/nouveau\/wp-json\/wp\/v2\/types\/post"}],"author":[{"embeddable":true,"href":"https:\/\/eglisecma.ci\/nouveau\/wp-json\/wp\/v2\/users\/1"}],"replies":[{"embeddable":true,"href":"https:\/\/eglisecma.ci\/nouveau\/wp-json\/wp\/v2\/comments?post=4286"}],"version-history":[{"count":1,"href":"https:\/\/eglisecma.ci\/nouveau\/wp-json\/wp\/v2\/posts\/4286\/revisions"}],"predecessor-version":[{"id":4288,"href":"https:\/\/eglisecma.ci\/nouveau\/wp-json\/wp\/v2\/posts\/4286\/revisions\/4288"}],"wp:featuredmedia":[{"embeddable":true,"href":"https:\/\/eglisecma.ci\/nouveau\/wp-json\/wp\/v2\/media\/4287"}],"wp:attachment":[{"href":"https:\/\/eglisecma.ci\/nouveau\/wp-json\/wp\/v2\/media?parent=4286"}],"wp:term":[{"taxonomy":"category","embeddable":true,"href":"https:\/\/eglisecma.ci\/nouveau\/wp-json\/wp\/v2\/categories?post=4286"},{"taxonomy":"post_tag","embeddable":true,"href":"https:\/\/eglisecma.ci\/nouveau\/wp-json\/wp\/v2\/tags?post=4286"}],"curies":[{"name":"wp","href":"https:\/\/api.w.org\/{rel}","templated":true}]}}