


{"id":4231,"date":"2025-05-19T11:50:59","date_gmt":"2025-05-19T11:50:59","guid":{"rendered":"https:\/\/eglisecma.ci\/nouveau\/?p=4231"},"modified":"2025-05-20T12:08:30","modified_gmt":"2025-05-20T12:08:30","slug":"125-pasteurs-consacres-au-saint-ministere","status":"publish","type":"post","link":"https:\/\/eglisecma.ci\/nouveau\/125-pasteurs-consacres-au-saint-ministere\/","title":{"rendered":"125 Pasteurs consacr\u00e9s au saint minist\u00e8re"},"content":{"rendered":"<p><a><\/a>Cent vingt-cinq nouveaux Servantes et Serviteurs de Dieu ont \u00e9t\u00e9 consacr\u00e9s, ce dimanche 18 mai 2025 \u00e0 Yamoussoukro par l\u2019Eglise Protestante Evang\u00e9lique CMA de C\u00f4te d\u2019Ivoire.<\/p><p>C\u2019est \u00e0 l\u2019occasion d\u2019une grande c\u00e9r\u00e9monie organis\u00e9e au stade de l\u2019Institut Biblique de l\u2019Alliance Chr\u00e9tienne de Yamoussoukro (IBACY), en pr\u00e9sence des parents et amis et fid\u00e8les, que les nouveaux Serviteurs de Dieu ont re\u00e7u l\u2019onction d\u2019huile de la part de leurs mentors respectifs les consacrant ainsi au Saint Minist\u00e8re.<\/p><p>La Cons\u00e9cration est l\u2019acte par lequel l\u2019\u00c9glise d\u00e9clare publiquement qu\u2019un aspirant a effectivement fait la preuve de l\u2019authenticit\u00e9 de sa vocation et qu\u2019il est jug\u00e9 apte \u00e0 servir le Seigneur. Et cette cons\u00e9cration se mat\u00e9rialise par l\u2019onction d\u2019huile, l\u2019imposition des mains, la pri\u00e8re et la prise de la sainte C\u00e8ne.<\/p><p>C\u2019est la fin d\u2019un processus qui commence depuis la communaut\u00e9 locale de l\u2019aspirant qui d\u00e9clare son appel \u00e0 son Pasteur. Celui-ci l\u2019observe pendant au moins deux ann\u00e9es, ensuite, il entre dans l\u2019une des \u00e9coles bibliques pour une formation de quatre ann\u00e9es et enfin est affect\u00e9 dans une communaut\u00e9 pour effectuer un stage pendant quatre ann\u00e9es aupr\u00e8s d\u2019un Pasteur. Apr\u00e8s son stage, il va se soumettre aux \u00e9preuves \u00e9crites et orales du test de cons\u00e9cration et d\u00e9fendre son rapport de stage devant un jury.<\/p><p>Ce parcours d\u00e9montre le caract\u00e8re s\u00e9rieux de la formation des Serviteurs de Dieu \u00e0 l\u2019\u00c9glise CMA de C\u00f4te d\u2019Ivoire et surtout r\u00e9v\u00e8le le souci pour les dirigeants de l\u2019\u00e9glise d\u2019offrir aux fid\u00e8les, des hommes de Dieu de qualit\u00e9, car un serviteur de Dieu est un don que Dieu fait \u00e0 son \u00c9glise. Et ce don est toujours de qualit\u00e9, c\u2019est pourquoi il appartiendra par la suite aux fid\u00e8les d\u2019en prendre grand soin.<\/p><p>Ces 125 Serviteurs de Dieu ont re\u00e7u initialement des formations pastorales dans les \u00e9coles bibliques de l\u2019\u00c9glise CMA de C\u00f4te d\u2019Ivoire. Il s\u2019agit de l\u2019Institut Biblique de l\u2019Alliance Chr\u00e9tienne de Yamoussoukro (IBACY) pour les Pasteurs et l\u2019\u00c9cole Biblique de l\u2019Alliance Chr\u00e9tienne (EBAC \u00e0 Toumodi) pour les Missionnaires et les \u00c9vang\u00e9listes.<\/p><p>D\u00e9sormais titularis\u00e9s, ils pourront officier les actes pastoraux comme la c\u00e9l\u00e9bration des mariages, la pr\u00e9sentation d\u2019enfants et l\u2019office de la sainte C\u00e8ne.<\/p><p>Dans sa pr\u00e9dication, le R\u00e9v\u00e9rend Docteur KOUAKOU Koffi Marcel les a exhort\u00e9s \u00e0 \u00ab \u00eatre des mod\u00e8les pour les fid\u00e8les \u00bb dans l\u2019exercice de leur minist\u00e8re.<\/p><p>Il faut indiquer que cette c\u00e9r\u00e9monie s\u2019est tenue \u00e0 la suite de la 46\u00e8me Conf\u00e9rence Nationale qui s\u2019est d\u00e9roul\u00e9e le vendredi 16 et le samedi 17 mai 2025 dans le nouveau temple \u00e0 l\u2019Eglise CMA de N\u2019zuessy pour adopter le bilan de l\u2019exercice 2023-2025.<\/p><p>Que le Seigneur \u00e9quipe et conduise ce commando de 125 Pasteurs pour la Gloire de Dieu !<\/p>","protected":false},"excerpt":{"rendered":"<p>Cent vingt-cinq nouveaux Servantes et Serviteurs de Dieu ont \u00e9t\u00e9 consacr\u00e9s, ce dimanche 18 mai 2025 \u00e0 Yamoussoukro par l\u2019Eglise Protestante Evang\u00e9lique CMA de C\u00f4te d\u2019Ivoire. C\u2019est \u00e0 l\u2019occasion d\u2019une grande c\u00e9r\u00e9monie organis\u00e9e au stade de l\u2019Institut Biblique de l\u2019Alliance Chr\u00e9tienne de Yamoussoukro (IBACY), en pr\u00e9sence des parents et amis et fid\u00e8les, que les nouveaux [&hellip;]<\/p>\n","protected":false},"author":1,"featured_media":4232,"comment_status":"open","ping_status":"open","sticky":false,"template":"","format":"standard","meta":{"om_disable_all_campaigns":false,"_monsterinsights_skip_tracking":false,"_monsterinsights_sitenote_active":false,"_monsterinsights_sitenote_note":"","_monsterinsights_sitenote_category":0,"_jetpack_memberships_contains_paid_content":false,"footnotes":""},"categories":[108],"tags":[],"class_list":["post-4231","post","type-post","status-publish","format-standard","has-post-thumbnail","hentry","category-direction-nationale"],"aioseo_notices":[],"jetpack_sharing_enabled":true,"jetpack_featured_media_url":"https:\/\/eglisecma.ci\/nouveau\/wp-content\/uploads\/2025\/05\/125-pasteurs-consacres.jpg","_links":{"self":[{"href":"https:\/\/eglisecma.ci\/nouveau\/wp-json\/wp\/v2\/posts\/4231","targetHints":{"allow":["GET"]}}],"collection":[{"href":"https:\/\/eglisecma.ci\/nouveau\/wp-json\/wp\/v2\/posts"}],"about":[{"href":"https:\/\/eglisecma.ci\/nouveau\/wp-json\/wp\/v2\/types\/post"}],"author":[{"embeddable":true,"href":"https:\/\/eglisecma.ci\/nouveau\/wp-json\/wp\/v2\/users\/1"}],"replies":[{"embeddable":true,"href":"https:\/\/eglisecma.ci\/nouveau\/wp-json\/wp\/v2\/comments?post=4231"}],"version-history":[{"count":1,"href":"https:\/\/eglisecma.ci\/nouveau\/wp-json\/wp\/v2\/posts\/4231\/revisions"}],"predecessor-version":[{"id":4233,"href":"https:\/\/eglisecma.ci\/nouveau\/wp-json\/wp\/v2\/posts\/4231\/revisions\/4233"}],"wp:featuredmedia":[{"embeddable":true,"href":"https:\/\/eglisecma.ci\/nouveau\/wp-json\/wp\/v2\/media\/4232"}],"wp:attachment":[{"href":"https:\/\/eglisecma.ci\/nouveau\/wp-json\/wp\/v2\/media?parent=4231"}],"wp:term":[{"taxonomy":"category","embeddable":true,"href":"https:\/\/eglisecma.ci\/nouveau\/wp-json\/wp\/v2\/categories?post=4231"},{"taxonomy":"post_tag","embeddable":true,"href":"https:\/\/eglisecma.ci\/nouveau\/wp-json\/wp\/v2\/tags?post=4231"}],"curies":[{"name":"wp","href":"https:\/\/api.w.org\/{rel}","templated":true}]}}