


{"id":3625,"date":"2024-12-26T14:17:32","date_gmt":"2024-12-26T13:17:32","guid":{"rendered":"https:\/\/eglisecma.ci\/nouveau\/?p=3625"},"modified":"2025-01-08T14:44:53","modified_gmt":"2025-01-08T13:44:53","slug":"%f0%9d%97%96%f0%9d%97%98%f0%9d%97%9f%f0%9d%97%98%f0%9d%97%95%f0%9d%97%a5%f0%9d%97%94%f0%9d%97%a7%f0%9d%97%9c%f0%9d%97%a2%f0%9d%97%a1-%f0%9d%97%97%f0%9d%97%98-la-noel","status":"publish","type":"post","link":"https:\/\/eglisecma.ci\/nouveau\/%f0%9d%97%96%f0%9d%97%98%f0%9d%97%9f%f0%9d%97%98%f0%9d%97%95%f0%9d%97%a5%f0%9d%97%94%f0%9d%97%a7%f0%9d%97%9c%f0%9d%97%a2%f0%9d%97%a1-%f0%9d%97%97%f0%9d%97%98-la-noel\/","title":{"rendered":"\ud835\uddd6\ud835\uddd8\ud835\udddf\ud835\uddd8\ud835\uddd5\ud835\udde5\ud835\uddd4\ud835\udde7\ud835\udddc\ud835\udde2\ud835\udde1 \ud835\uddd7\ud835\uddd8 LA NO\u00cbL"},"content":{"rendered":"<p>Enthousiasme, ferveur, \u00e9motions au c\u0153ur du r\u00e9veillon de la Nativit\u00e9, ce mardi 24 d\u00e9cembre 2024 dans les communaut\u00e9s de l\u2019\u00c9glise Protestante \u00c9vang\u00e9lique CMA de C\u00f4te d\u2019Ivoire.<\/p><p>Notre \u00e9quipe de reportage a sillonn\u00e9 les R\u00e9gions Abidjan 1 et 2 pour s\u2019en rendre compte.<\/p><p>Revivons ensemble en images, ces instants de pur bonheur de No\u00ebl 2024 partag\u00e9s avec les communaut\u00e9s de Yopougon Petit <a><\/a>Bouak\u00e9, de la SIDECI et des 2 Plateaux Attoban.<\/p><p>Notre reportage complet dans nos prochaines \u00e9ditions.<\/p>","protected":false},"excerpt":{"rendered":"<p>Enthousiasme, ferveur, \u00e9motions au c\u0153ur du r\u00e9veillon de la Nativit\u00e9, ce mardi 24 d\u00e9cembre 2024 dans les communaut\u00e9s de l\u2019\u00c9glise Protestante \u00c9vang\u00e9lique CMA de C\u00f4te d\u2019Ivoire. Notre \u00e9quipe de reportage a sillonn\u00e9 les R\u00e9gions Abidjan 1 et 2 pour s\u2019en rendre compte. Revivons ensemble en images, ces instants de pur bonheur de No\u00ebl 2024 partag\u00e9s [&hellip;]<\/p>\n","protected":false},"author":1,"featured_media":3487,"comment_status":"open","ping_status":"open","sticky":false,"template":"","format":"standard","meta":{"om_disable_all_campaigns":false,"_monsterinsights_skip_tracking":false,"_monsterinsights_sitenote_active":false,"_monsterinsights_sitenote_note":"","_monsterinsights_sitenote_category":0,"_jetpack_memberships_contains_paid_content":false,"footnotes":""},"categories":[108],"tags":[],"class_list":["post-3625","post","type-post","status-publish","format-standard","has-post-thumbnail","hentry","category-direction-nationale"],"aioseo_notices":[],"jetpack_sharing_enabled":true,"jetpack_featured_media_url":"https:\/\/eglisecma.ci\/nouveau\/wp-content\/uploads\/2025\/01\/noel-2024.jpg","_links":{"self":[{"href":"https:\/\/eglisecma.ci\/nouveau\/wp-json\/wp\/v2\/posts\/3625","targetHints":{"allow":["GET"]}}],"collection":[{"href":"https:\/\/eglisecma.ci\/nouveau\/wp-json\/wp\/v2\/posts"}],"about":[{"href":"https:\/\/eglisecma.ci\/nouveau\/wp-json\/wp\/v2\/types\/post"}],"author":[{"embeddable":true,"href":"https:\/\/eglisecma.ci\/nouveau\/wp-json\/wp\/v2\/users\/1"}],"replies":[{"embeddable":true,"href":"https:\/\/eglisecma.ci\/nouveau\/wp-json\/wp\/v2\/comments?post=3625"}],"version-history":[{"count":1,"href":"https:\/\/eglisecma.ci\/nouveau\/wp-json\/wp\/v2\/posts\/3625\/revisions"}],"predecessor-version":[{"id":3626,"href":"https:\/\/eglisecma.ci\/nouveau\/wp-json\/wp\/v2\/posts\/3625\/revisions\/3626"}],"wp:featuredmedia":[{"embeddable":true,"href":"https:\/\/eglisecma.ci\/nouveau\/wp-json\/wp\/v2\/media\/3487"}],"wp:attachment":[{"href":"https:\/\/eglisecma.ci\/nouveau\/wp-json\/wp\/v2\/media?parent=3625"}],"wp:term":[{"taxonomy":"category","embeddable":true,"href":"https:\/\/eglisecma.ci\/nouveau\/wp-json\/wp\/v2\/categories?post=3625"},{"taxonomy":"post_tag","embeddable":true,"href":"https:\/\/eglisecma.ci\/nouveau\/wp-json\/wp\/v2\/tags?post=3625"}],"curies":[{"name":"wp","href":"https:\/\/api.w.org\/{rel}","templated":true}]}}